{"id":1918,"date":"2022-10-21T13:48:00","date_gmt":"2022-10-21T13:48:00","guid":{"rendered":"http:\/\/teatroloselementos.cult.cu\/?p=1918"},"modified":"2022-12-05T14:14:03","modified_gmt":"2022-12-05T14:14:03","slug":"feliz-dia-de-la-cultura-cubana","status":"publish","type":"post","link":"https:\/\/teatroloselementos.cult.cu\/index.php\/2022\/10\/21\/feliz-dia-de-la-cultura-cubana\/","title":{"rendered":"Feliz D\u00eda de la Cultura Cubana"},"content":{"rendered":"\n<section id=\"section-467031a5-1f21-4561-b716-df56d632214b\" class=\"wp-block-gutentor-about-block gutentor-section gutentor-about about-template1 has-color-bg has-custom-bg\"><div class=\"grid-container\"><div class=\"gutentor-grid-item-wrap\"><div class=\"gutentor-single-item\"><div class=\"grid-row\"><div class=\"grid-md-6 about-grid\"><div class=\"gutentor-single-item-image-box\"><div class=\"gutentor-image-thumb\"><img loading=\"lazy\" decoding=\"async\" class=\"normal-image\" src=\"http:\/\/teatroloselementos.cult.cu\/wp-content\/uploads\/2022\/12\/9.jpg\" alt=\"\" height=\"505\" width=\"455\"\/><\/div><\/div><\/div><div class=\"grid-md-6 about-grid\"><div class=\"gutentor-single-item-content\"><div class=\"gutentor-about-content\"><h3 class=\"gutentor-single-item-title\">D\u00eda de la Cultura Cubana<\/h3><p class=\"gutentor-single-item-desc\">FAR y Escuela de medicina se unen para celebrar el d\u00eda de la Cultura Cubana, en nuestra comunidad, Teatro de los Elementos.<br><br>Participantes del Concurso de Guitarras Edgardo Mart\u00edn dedicado a Celedonio Romero, a la Jornada de la Cultura cubana y al D\u00eda Mundial de la guitarra, visitaron Teatro de los Elementos teniendo lugar un intercambio cultural en la Galer\u00eda del Maestro Nelson Dom\u00ednguez, con la presentaci\u00f3n de Ariadna Cuellar, el D\u00fao Concuerda y concursantes<\/p><\/div><\/div><\/div><\/div><\/div><\/div><\/div><\/section>\n","protected":false},"excerpt":{"rendered":"","protected":false},"author":1,"featured_media":1920,"comment_status":"open","ping_status":"open","sticky":false,"template":"","format":"standard","meta":{"footnotes":""},"categories":[10],"tags":[],"class_list":["post-1918","post","type-post","status-publish","format-standard","has-post-thumbnail","hentry","category-general"],"gutentor_comment":6,"yoast_head":"<!-- This site is optimized with the Yoast SEO plugin v20.9 - https:\/\/yoast.com\/wordpress\/plugins\/seo\/ -->\n<title>Feliz D\u00eda de la Cultura Cubana - Teatro de los Elementos<\/title>\n<meta name=\"robots\" content=\"index, follow, max-snippet:-1, max-image-preview:large, max-video-preview:-1\" \/>\n<link rel=\"canonical\" href=\"https:\/\/teatroloselementos.cult.cu\/index.php\/2022\/10\/21\/feliz-dia-de-la-cultura-cubana\/\" \/>\n<meta property=\"og:locale\" content=\"es_ES\" \/>\n<meta property=\"og:type\" content=\"article\" \/>\n<meta property=\"og:title\" content=\"Feliz D\u00eda de la Cultura Cubana - Teatro de los Elementos\" \/>\n<meta property=\"og:url\" content=\"https:\/\/teatroloselementos.cult.cu\/index.php\/2022\/10\/21\/feliz-dia-de-la-cultura-cubana\/\" \/>\n<meta property=\"og:site_name\" content=\"Teatro de los Elementos\" \/>\n<meta property=\"article:published_time\" content=\"2022-10-21T13:48:00+00:00\" \/>\n<meta property=\"article:modified_time\" content=\"2022-12-05T14:14:03+00:00\" \/>\n<meta property=\"og:image\" content=\"https:\/\/teatroloselementos.cult.cu\/wp-content\/uploads\/2022\/12\/8-1.jpg\" \/>\n\t<meta property=\"og:image:width\" content=\"801\" \/>\n\t<meta property=\"og:image:height\" content=\"446\" \/>\n\t<meta property=\"og:image:type\" content=\"image\/jpeg\" \/>\n<meta name=\"author\" content=\"teatro\" \/>\n<meta name=\"twitter:card\" content=\"summary_large_image\" \/>\n<meta name=\"twitter:label1\" content=\"Escrito por\" \/>\n\t<meta name=\"twitter:data1\" content=\"teatro\" \/>\n\t<meta name=\"twitter:label2\" content=\"Tiempo de lectura\" \/>\n\t<meta name=\"twitter:data2\" content=\"1 minuto\" \/>\n<script type=\"application\/ld+json\" class=\"yoast-schema-graph\">{\"@context\":\"https:\/\/schema.org\",\"@graph\":[{\"@type\":\"Article\",\"@id\":\"https:\/\/teatroloselementos.cult.cu\/index.php\/2022\/10\/21\/feliz-dia-de-la-cultura-cubana\/#article\",\"isPartOf\":{\"@id\":\"https:\/\/teatroloselementos.cult.cu\/index.php\/2022\/10\/21\/feliz-dia-de-la-cultura-cubana\/\"},\"author\":{\"name\":\"teatro\",\"@id\":\"https:\/\/teatroloselementos.cult.cu\/#\/schema\/person\/502524211ca8ca2bfafd5fe612a68706\"},\"headline\":\"Feliz D\u00eda de la Cultura Cubana\",\"datePublished\":\"2022-10-21T13:48:00+00:00\",\"dateModified\":\"2022-12-05T14:14:03+00:00\",\"mainEntityOfPage\":{\"@id\":\"https:\/\/teatroloselementos.cult.cu\/index.php\/2022\/10\/21\/feliz-dia-de-la-cultura-cubana\/\"},\"wordCount\":95,\"commentCount\":0,\"publisher\":{\"@id\":\"https:\/\/teatroloselementos.cult.cu\/#organization\"},\"articleSection\":[\"General\"],\"inLanguage\":\"es\",\"potentialAction\":[{\"@type\":\"CommentAction\",\"name\":\"Comment\",\"target\":[\"https:\/\/teatroloselementos.cult.cu\/index.php\/2022\/10\/21\/feliz-dia-de-la-cultura-cubana\/#respond\"]}]},{\"@type\":\"WebPage\",\"@id\":\"https:\/\/teatroloselementos.cult.cu\/index.php\/2022\/10\/21\/feliz-dia-de-la-cultura-cubana\/\",\"url\":\"https:\/\/teatroloselementos.cult.cu\/index.php\/2022\/10\/21\/feliz-dia-de-la-cultura-cubana\/\",\"name\":\"Feliz D\u00eda de la Cultura Cubana - Teatro de los Elementos\",\"isPartOf\":{\"@id\":\"https:\/\/teatroloselementos.cult.cu\/#website\"},\"datePublished\":\"2022-10-21T13:48:00+00:00\",\"dateModified\":\"2022-12-05T14:14:03+00:00\",\"breadcrumb\":{\"@id\":\"https:\/\/teatroloselementos.cult.cu\/index.php\/2022\/10\/21\/feliz-dia-de-la-cultura-cubana\/#breadcrumb\"},\"inLanguage\":\"es\",\"potentialAction\":[{\"@type\":\"ReadAction\",\"target\":[\"https:\/\/teatroloselementos.cult.cu\/index.php\/2022\/10\/21\/feliz-dia-de-la-cultura-cubana\/\"]}]},{\"@type\":\"BreadcrumbList\",\"@id\":\"https:\/\/teatroloselementos.cult.cu\/index.php\/2022\/10\/21\/feliz-dia-de-la-cultura-cubana\/#breadcrumb\",\"itemListElement\":[{\"@type\":\"ListItem\",\"position\":1,\"name\":\"Portada\",\"item\":\"https:\/\/teatroloselementos.cult.cu\/\"},{\"@type\":\"ListItem\",\"position\":2,\"name\":\"Feliz D\u00eda de la Cultura Cubana\"}]},{\"@type\":\"WebSite\",\"@id\":\"https:\/\/teatroloselementos.cult.cu\/#website\",\"url\":\"https:\/\/teatroloselementos.cult.cu\/\",\"name\":\"Teatro de los Elementos\",\"description\":\"\",\"publisher\":{\"@id\":\"https:\/\/teatroloselementos.cult.cu\/#organization\"},\"potentialAction\":[{\"@type\":\"SearchAction\",\"target\":{\"@type\":\"EntryPoint\",\"urlTemplate\":\"https:\/\/teatroloselementos.cult.cu\/?s={search_term_string}\"},\"query-input\":\"required name=search_term_string\"}],\"inLanguage\":\"es\"},{\"@type\":\"Organization\",\"@id\":\"https:\/\/teatroloselementos.cult.cu\/#organization\",\"name\":\"Teatro de los Elementos\",\"url\":\"https:\/\/teatroloselementos.cult.cu\/\",\"logo\":{\"@type\":\"ImageObject\",\"inLanguage\":\"es\",\"@id\":\"https:\/\/teatroloselementos.cult.cu\/#\/schema\/logo\/image\/\",\"url\":\"https:\/\/teatroloselementos.cult.cu\/wp-content\/uploads\/2022\/11\/baner-2.jpg\",\"contentUrl\":\"https:\/\/teatroloselementos.cult.cu\/wp-content\/uploads\/2022\/11\/baner-2.jpg\",\"width\":1100,\"height\":200,\"caption\":\"Teatro de los  Elementos\"},\"image\":{\"@id\":\"https:\/\/teatroloselementos.cult.cu\/#\/schema\/logo\/image\/\"}},{\"@type\":\"Person\",\"@id\":\"https:\/\/teatroloselementos.cult.cu\/#\/schema\/person\/502524211ca8ca2bfafd5fe612a68706\",\"name\":\"teatro\",\"image\":{\"@type\":\"ImageObject\",\"inLanguage\":\"es\",\"@id\":\"https:\/\/teatroloselementos.cult.cu\/#\/schema\/person\/image\/\",\"url\":\"https:\/\/secure.gravatar.com\/avatar\/422058b2c49ce949143ccea35adba4139ebadbbf06fddce0592c2aeb6a4af774?s=96&d=mm&r=g\",\"contentUrl\":\"https:\/\/secure.gravatar.com\/avatar\/422058b2c49ce949143ccea35adba4139ebadbbf06fddce0592c2aeb6a4af774?s=96&d=mm&r=g\",\"caption\":\"teatro\"},\"sameAs\":[\"http:\/\/localhost\/wordpress\"],\"url\":\"https:\/\/teatroloselementos.cult.cu\/index.php\/author\/teatro\/\"}]}<\/script>\n<!-- \/ Yoast SEO plugin. -->","yoast_head_json":{"title":"Feliz D\u00eda de la Cultura Cubana - Teatro de los Elementos","robots":{"index":"index","follow":"follow","max-snippet":"max-snippet:-1","max-image-preview":"max-image-preview:large","max-video-preview":"max-video-preview:-1"},"canonical":"https:\/\/teatroloselementos.cult.cu\/index.php\/2022\/10\/21\/feliz-dia-de-la-cultura-cubana\/","og_locale":"es_ES","og_type":"article","og_title":"Feliz D\u00eda de la Cultura Cubana - Teatro de los Elementos","og_url":"https:\/\/teatroloselementos.cult.cu\/index.php\/2022\/10\/21\/feliz-dia-de-la-cultura-cubana\/","og_site_name":"Teatro de los Elementos","article_published_time":"2022-10-21T13:48:00+00:00","article_modified_time":"2022-12-05T14:14:03+00:00","og_image":[{"width":801,"height":446,"url":"https:\/\/teatroloselementos.cult.cu\/wp-content\/uploads\/2022\/12\/8-1.jpg","type":"image\/jpeg"}],"author":"teatro","twitter_card":"summary_large_image","twitter_misc":{"Escrito por":"teatro","Tiempo de lectura":"1 minuto"},"schema":{"@context":"https:\/\/schema.org","@graph":[{"@type":"Article","@id":"https:\/\/teatroloselementos.cult.cu\/index.php\/2022\/10\/21\/feliz-dia-de-la-cultura-cubana\/#article","isPartOf":{"@id":"https:\/\/teatroloselementos.cult.cu\/index.php\/2022\/10\/21\/feliz-dia-de-la-cultura-cubana\/"},"author":{"name":"teatro","@id":"https:\/\/teatroloselementos.cult.cu\/#\/schema\/person\/502524211ca8ca2bfafd5fe612a68706"},"headline":"Feliz D\u00eda de la Cultura Cubana","datePublished":"2022-10-21T13:48:00+00:00","dateModified":"2022-12-05T14:14:03+00:00","mainEntityOfPage":{"@id":"https:\/\/teatroloselementos.cult.cu\/index.php\/2022\/10\/21\/feliz-dia-de-la-cultura-cubana\/"},"wordCount":95,"commentCount":0,"publisher":{"@id":"https:\/\/teatroloselementos.cult.cu\/#organization"},"articleSection":["General"],"inLanguage":"es","potentialAction":[{"@type":"CommentAction","name":"Comment","target":["https:\/\/teatroloselementos.cult.cu\/index.php\/2022\/10\/21\/feliz-dia-de-la-cultura-cubana\/#respond"]}]},{"@type":"WebPage","@id":"https:\/\/teatroloselementos.cult.cu\/index.php\/2022\/10\/21\/feliz-dia-de-la-cultura-cubana\/","url":"https:\/\/teatroloselementos.cult.cu\/index.php\/2022\/10\/21\/feliz-dia-de-la-cultura-cubana\/","name":"Feliz D\u00eda de la Cultura Cubana - Teatro de los Elementos","isPartOf":{"@id":"https:\/\/teatroloselementos.cult.cu\/#website"},"datePublished":"2022-10-21T13:48:00+00:00","dateModified":"2022-12-05T14:14:03+00:00","breadcrumb":{"@id":"https:\/\/teatroloselementos.cult.cu\/index.php\/2022\/10\/21\/feliz-dia-de-la-cultura-cubana\/#breadcrumb"},"inLanguage":"es","potentialAction":[{"@type":"ReadAction","target":["https:\/\/teatroloselementos.cult.cu\/index.php\/2022\/10\/21\/feliz-dia-de-la-cultura-cubana\/"]}]},{"@type":"BreadcrumbList","@id":"https:\/\/teatroloselementos.cult.cu\/index.php\/2022\/10\/21\/feliz-dia-de-la-cultura-cubana\/#breadcrumb","itemListElement":[{"@type":"ListItem","position":1,"name":"Portada","item":"https:\/\/teatroloselementos.cult.cu\/"},{"@type":"ListItem","position":2,"name":"Feliz D\u00eda de la Cultura Cubana"}]},{"@type":"WebSite","@id":"https:\/\/teatroloselementos.cult.cu\/#website","url":"https:\/\/teatroloselementos.cult.cu\/","name":"Teatro de los Elementos","description":"","publisher":{"@id":"https:\/\/teatroloselementos.cult.cu\/#organization"},"potentialAction":[{"@type":"SearchAction","target":{"@type":"EntryPoint","urlTemplate":"https:\/\/teatroloselementos.cult.cu\/?s={search_term_string}"},"query-input":"required name=search_term_string"}],"inLanguage":"es"},{"@type":"Organization","@id":"https:\/\/teatroloselementos.cult.cu\/#organization","name":"Teatro de los Elementos","url":"https:\/\/teatroloselementos.cult.cu\/","logo":{"@type":"ImageObject","inLanguage":"es","@id":"https:\/\/teatroloselementos.cult.cu\/#\/schema\/logo\/image\/","url":"https:\/\/teatroloselementos.cult.cu\/wp-content\/uploads\/2022\/11\/baner-2.jpg","contentUrl":"https:\/\/teatroloselementos.cult.cu\/wp-content\/uploads\/2022\/11\/baner-2.jpg","width":1100,"height":200,"caption":"Teatro de los  Elementos"},"image":{"@id":"https:\/\/teatroloselementos.cult.cu\/#\/schema\/logo\/image\/"}},{"@type":"Person","@id":"https:\/\/teatroloselementos.cult.cu\/#\/schema\/person\/502524211ca8ca2bfafd5fe612a68706","name":"teatro","image":{"@type":"ImageObject","inLanguage":"es","@id":"https:\/\/teatroloselementos.cult.cu\/#\/schema\/person\/image\/","url":"https:\/\/secure.gravatar.com\/avatar\/422058b2c49ce949143ccea35adba4139ebadbbf06fddce0592c2aeb6a4af774?s=96&d=mm&r=g","contentUrl":"https:\/\/secure.gravatar.com\/avatar\/422058b2c49ce949143ccea35adba4139ebadbbf06fddce0592c2aeb6a4af774?s=96&d=mm&r=g","caption":"teatro"},"sameAs":["http:\/\/localhost\/wordpress"],"url":"https:\/\/teatroloselementos.cult.cu\/index.php\/author\/teatro\/"}]}},"jetpack_featured_media_url":"https:\/\/teatroloselementos.cult.cu\/wp-content\/uploads\/2022\/12\/8-1.jpg","_links":{"self":[{"href":"https:\/\/teatroloselementos.cult.cu\/index.php\/wp-json\/wp\/v2\/posts\/1918","targetHints":{"allow":["GET"]}}],"collection":[{"href":"https:\/\/teatroloselementos.cult.cu\/index.php\/wp-json\/wp\/v2\/posts"}],"about":[{"href":"https:\/\/teatroloselementos.cult.cu\/index.php\/wp-json\/wp\/v2\/types\/post"}],"author":[{"embeddable":true,"href":"https:\/\/teatroloselementos.cult.cu\/index.php\/wp-json\/wp\/v2\/users\/1"}],"replies":[{"embeddable":true,"href":"https:\/\/teatroloselementos.cult.cu\/index.php\/wp-json\/wp\/v2\/comments?post=1918"}],"version-history":[{"count":1,"href":"https:\/\/teatroloselementos.cult.cu\/index.php\/wp-json\/wp\/v2\/posts\/1918\/revisions"}],"predecessor-version":[{"id":1921,"href":"https:\/\/teatroloselementos.cult.cu\/index.php\/wp-json\/wp\/v2\/posts\/1918\/revisions\/1921"}],"wp:featuredmedia":[{"embeddable":true,"href":"https:\/\/teatroloselementos.cult.cu\/index.php\/wp-json\/wp\/v2\/media\/1920"}],"wp:attachment":[{"href":"https:\/\/teatroloselementos.cult.cu\/index.php\/wp-json\/wp\/v2\/media?parent=1918"}],"wp:term":[{"taxonomy":"category","embeddable":true,"href":"https:\/\/teatroloselementos.cult.cu\/index.php\/wp-json\/wp\/v2\/categories?post=1918"},{"taxonomy":"post_tag","embeddable":true,"href":"https:\/\/teatroloselementos.cult.cu\/index.php\/wp-json\/wp\/v2\/tags?post=1918"}],"curies":[{"name":"wp","href":"https:\/\/api.w.org\/{rel}","templated":true}]}}