{"id":2472,"date":"2023-03-01T13:34:47","date_gmt":"2023-03-01T13:34:47","guid":{"rendered":"http:\/\/teatroloselementos.cult.cu\/?p=2472"},"modified":"2023-03-14T17:45:11","modified_gmt":"2023-03-14T17:45:11","slug":"2472","status":"publish","type":"post","link":"https:\/\/teatroloselementos.cult.cu\/index.php\/2023\/03\/01\/2472\/","title":{"rendered":"Conferencia magistral de \u00abCOMUNICACI\u00d3N PROMOCIONAL: EL RETO DE LOS NUEVOS ESCENARIOS\u00bb"},"content":{"rendered":"\n<p><\/p>\n\n\n\n<div class=\"wp-block-columns alignwide is-layout-flex wp-container-core-columns-is-layout-9d6595d7 wp-block-columns-is-layout-flex\">\n<div class=\"wp-block-column is-layout-flow wp-block-column-is-layout-flow\" style=\"flex-basis:50%\">\n<figure class=\"wp-block-image size-large is-resized\"><img loading=\"lazy\" decoding=\"async\" src=\"http:\/\/teatroloselementos.cult.cu\/wp-content\/uploads\/2023\/03\/c1c4ce97-6a1f-48c9-add5-a3c53bc085ca-1024x1024.jpg\" alt=\"\" class=\"wp-image-2470\" width=\"824\" height=\"824\" srcset=\"https:\/\/teatroloselementos.cult.cu\/wp-content\/uploads\/2023\/03\/c1c4ce97-6a1f-48c9-add5-a3c53bc085ca-1024x1024.jpg 1024w, https:\/\/teatroloselementos.cult.cu\/wp-content\/uploads\/2023\/03\/c1c4ce97-6a1f-48c9-add5-a3c53bc085ca-300x300.jpg 300w, https:\/\/teatroloselementos.cult.cu\/wp-content\/uploads\/2023\/03\/c1c4ce97-6a1f-48c9-add5-a3c53bc085ca-150x150.jpg 150w, https:\/\/teatroloselementos.cult.cu\/wp-content\/uploads\/2023\/03\/c1c4ce97-6a1f-48c9-add5-a3c53bc085ca-768x768.jpg 768w, https:\/\/teatroloselementos.cult.cu\/wp-content\/uploads\/2023\/03\/c1c4ce97-6a1f-48c9-add5-a3c53bc085ca.jpg 1080w\" sizes=\"auto, (max-width: 824px) 100vw, 824px\" \/><\/figure>\n<\/div>\n\n\n\n<div class=\"wp-block-column is-layout-flow wp-block-column-is-layout-flow\" style=\"flex-basis:50%\">\n<p class=\"has-medium-font-size\"><strong>El Proyecto de Desarrollo Local Sendero Tur\u00edstico Jobero Verde Arte y Vida los convoca a :<\/strong><\/p>\n\n\n\n<p style=\"font-size:15px\">Participar en la conferencia magistral de \u00abCOMUNICACI\u00d3N PROMOCIONAL: EL RETO DE LOS NUEVOS ESCENARIOS\u00bb que ser\u00e1 impartido por el Dr. Kirk D\u00edaz &#8211; Guzm\u00e1n Corrales, Dr. en Ciencias de la Comunicaci\u00f3n de la Universidad Europa de Madrid; m\u00e1ster en Marketing y Gesti\u00f3n de Empresas, Escuela Superior de Estudios de Marketing de Madrid; profesor titular de la universidad Martha Abreus de las Villas; Director del Centro de Entrenamiento en Comunicaci\u00f3n CECOM; Autor de los libros Publicidad un enfoque psicol\u00f3gico _ Publicidad, Comunicaci\u00f3n y Estrategia.<br><\/p>\n\n\n<div class=\"wp-block-image\">\n<figure class=\"alignleft size-full is-resized\"><img loading=\"lazy\" decoding=\"async\" src=\"http:\/\/teatroloselementos.cult.cu\/wp-content\/uploads\/2023\/03\/18485945_123862844850470_8601193840459629769_n.jpg\" alt=\"\" class=\"wp-image-2477\" width=\"191\" height=\"191\" srcset=\"https:\/\/teatroloselementos.cult.cu\/wp-content\/uploads\/2023\/03\/18485945_123862844850470_8601193840459629769_n.jpg 230w, https:\/\/teatroloselementos.cult.cu\/wp-content\/uploads\/2023\/03\/18485945_123862844850470_8601193840459629769_n-150x150.jpg 150w\" sizes=\"auto, (max-width: 191px) 100vw, 191px\" \/><\/figure>\n<\/div><\/div>\n<\/div>\n","protected":false},"excerpt":{"rendered":"<p>El Proyecto de Desarrollo Local Sendero Tur\u00edstico Jobero Verde Arte y Vida los convoca a : Participar en la conferencia<\/p>\n","protected":false},"author":1,"featured_media":2470,"comment_status":"open","ping_status":"open","sticky":false,"template":"","format":"standard","meta":{"footnotes":""},"categories":[10],"tags":[],"class_list":["post-2472","post","type-post","status-publish","format-standard","has-post-thumbnail","hentry","category-general"],"gutentor_comment":11,"yoast_head":"<!-- This site is optimized with the Yoast SEO plugin v20.9 - https:\/\/yoast.com\/wordpress\/plugins\/seo\/ -->\n<title>Conferencia magistral de &quot;COMUNICACI\u00d3N PROMOCIONAL: EL RETO DE LOS NUEVOS ESCENARIOS&quot; - Teatro de los Elementos<\/title>\n<meta name=\"robots\" content=\"index, follow, max-snippet:-1, max-image-preview:large, max-video-preview:-1\" \/>\n<link rel=\"canonical\" href=\"https:\/\/teatroloselementos.cult.cu\/index.php\/2023\/03\/01\/2472\/\" \/>\n<meta property=\"og:locale\" content=\"es_ES\" \/>\n<meta property=\"og:type\" content=\"article\" \/>\n<meta property=\"og:title\" content=\"Conferencia magistral de &quot;COMUNICACI\u00d3N PROMOCIONAL: EL RETO DE LOS NUEVOS ESCENARIOS&quot; - Teatro de los Elementos\" \/>\n<meta property=\"og:description\" content=\"El Proyecto de Desarrollo Local Sendero Tur\u00edstico Jobero Verde Arte y Vida los convoca a : Participar en la conferencia\" \/>\n<meta property=\"og:url\" content=\"https:\/\/teatroloselementos.cult.cu\/index.php\/2023\/03\/01\/2472\/\" \/>\n<meta property=\"og:site_name\" content=\"Teatro de los Elementos\" \/>\n<meta property=\"article:published_time\" content=\"2023-03-01T13:34:47+00:00\" \/>\n<meta property=\"article:modified_time\" content=\"2023-03-14T17:45:11+00:00\" \/>\n<meta property=\"og:image\" content=\"https:\/\/teatroloselementos.cult.cu\/wp-content\/uploads\/2023\/03\/c1c4ce97-6a1f-48c9-add5-a3c53bc085ca.jpg\" \/>\n\t<meta property=\"og:image:width\" content=\"1080\" \/>\n\t<meta property=\"og:image:height\" content=\"1080\" \/>\n\t<meta property=\"og:image:type\" content=\"image\/jpeg\" \/>\n<meta name=\"author\" content=\"teatro\" \/>\n<meta name=\"twitter:card\" content=\"summary_large_image\" \/>\n<meta name=\"twitter:label1\" content=\"Escrito por\" \/>\n\t<meta name=\"twitter:data1\" content=\"teatro\" \/>\n\t<meta name=\"twitter:label2\" content=\"Tiempo de lectura\" \/>\n\t<meta name=\"twitter:data2\" content=\"1 minuto\" \/>\n<script type=\"application\/ld+json\" class=\"yoast-schema-graph\">{\"@context\":\"https:\/\/schema.org\",\"@graph\":[{\"@type\":\"Article\",\"@id\":\"https:\/\/teatroloselementos.cult.cu\/index.php\/2023\/03\/01\/2472\/#article\",\"isPartOf\":{\"@id\":\"https:\/\/teatroloselementos.cult.cu\/index.php\/2023\/03\/01\/2472\/\"},\"author\":{\"name\":\"teatro\",\"@id\":\"https:\/\/teatroloselementos.cult.cu\/#\/schema\/person\/502524211ca8ca2bfafd5fe612a68706\"},\"headline\":\"Conferencia magistral de \u00abCOMUNICACI\u00d3N PROMOCIONAL: EL RETO DE LOS NUEVOS ESCENARIOS\u00bb\",\"datePublished\":\"2023-03-01T13:34:47+00:00\",\"dateModified\":\"2023-03-14T17:45:11+00:00\",\"mainEntityOfPage\":{\"@id\":\"https:\/\/teatroloselementos.cult.cu\/index.php\/2023\/03\/01\/2472\/\"},\"wordCount\":119,\"commentCount\":0,\"publisher\":{\"@id\":\"https:\/\/teatroloselementos.cult.cu\/#organization\"},\"articleSection\":[\"General\"],\"inLanguage\":\"es\",\"potentialAction\":[{\"@type\":\"CommentAction\",\"name\":\"Comment\",\"target\":[\"https:\/\/teatroloselementos.cult.cu\/index.php\/2023\/03\/01\/2472\/#respond\"]}]},{\"@type\":\"WebPage\",\"@id\":\"https:\/\/teatroloselementos.cult.cu\/index.php\/2023\/03\/01\/2472\/\",\"url\":\"https:\/\/teatroloselementos.cult.cu\/index.php\/2023\/03\/01\/2472\/\",\"name\":\"Conferencia magistral de \\\"COMUNICACI\u00d3N PROMOCIONAL: EL RETO DE LOS NUEVOS ESCENARIOS\\\" - Teatro de los Elementos\",\"isPartOf\":{\"@id\":\"https:\/\/teatroloselementos.cult.cu\/#website\"},\"datePublished\":\"2023-03-01T13:34:47+00:00\",\"dateModified\":\"2023-03-14T17:45:11+00:00\",\"breadcrumb\":{\"@id\":\"https:\/\/teatroloselementos.cult.cu\/index.php\/2023\/03\/01\/2472\/#breadcrumb\"},\"inLanguage\":\"es\",\"potentialAction\":[{\"@type\":\"ReadAction\",\"target\":[\"https:\/\/teatroloselementos.cult.cu\/index.php\/2023\/03\/01\/2472\/\"]}]},{\"@type\":\"BreadcrumbList\",\"@id\":\"https:\/\/teatroloselementos.cult.cu\/index.php\/2023\/03\/01\/2472\/#breadcrumb\",\"itemListElement\":[{\"@type\":\"ListItem\",\"position\":1,\"name\":\"Portada\",\"item\":\"https:\/\/teatroloselementos.cult.cu\/\"},{\"@type\":\"ListItem\",\"position\":2,\"name\":\"Conferencia magistral de \u00abCOMUNICACI\u00d3N PROMOCIONAL: EL RETO DE LOS NUEVOS ESCENARIOS\u00bb\"}]},{\"@type\":\"WebSite\",\"@id\":\"https:\/\/teatroloselementos.cult.cu\/#website\",\"url\":\"https:\/\/teatroloselementos.cult.cu\/\",\"name\":\"Teatro de los Elementos\",\"description\":\"\",\"publisher\":{\"@id\":\"https:\/\/teatroloselementos.cult.cu\/#organization\"},\"potentialAction\":[{\"@type\":\"SearchAction\",\"target\":{\"@type\":\"EntryPoint\",\"urlTemplate\":\"https:\/\/teatroloselementos.cult.cu\/?s={search_term_string}\"},\"query-input\":\"required name=search_term_string\"}],\"inLanguage\":\"es\"},{\"@type\":\"Organization\",\"@id\":\"https:\/\/teatroloselementos.cult.cu\/#organization\",\"name\":\"Teatro de los Elementos\",\"url\":\"https:\/\/teatroloselementos.cult.cu\/\",\"logo\":{\"@type\":\"ImageObject\",\"inLanguage\":\"es\",\"@id\":\"https:\/\/teatroloselementos.cult.cu\/#\/schema\/logo\/image\/\",\"url\":\"https:\/\/teatroloselementos.cult.cu\/wp-content\/uploads\/2022\/11\/baner-2.jpg\",\"contentUrl\":\"https:\/\/teatroloselementos.cult.cu\/wp-content\/uploads\/2022\/11\/baner-2.jpg\",\"width\":1100,\"height\":200,\"caption\":\"Teatro de los  Elementos\"},\"image\":{\"@id\":\"https:\/\/teatroloselementos.cult.cu\/#\/schema\/logo\/image\/\"}},{\"@type\":\"Person\",\"@id\":\"https:\/\/teatroloselementos.cult.cu\/#\/schema\/person\/502524211ca8ca2bfafd5fe612a68706\",\"name\":\"teatro\",\"image\":{\"@type\":\"ImageObject\",\"inLanguage\":\"es\",\"@id\":\"https:\/\/teatroloselementos.cult.cu\/#\/schema\/person\/image\/\",\"url\":\"https:\/\/secure.gravatar.com\/avatar\/422058b2c49ce949143ccea35adba4139ebadbbf06fddce0592c2aeb6a4af774?s=96&d=mm&r=g\",\"contentUrl\":\"https:\/\/secure.gravatar.com\/avatar\/422058b2c49ce949143ccea35adba4139ebadbbf06fddce0592c2aeb6a4af774?s=96&d=mm&r=g\",\"caption\":\"teatro\"},\"sameAs\":[\"http:\/\/localhost\/wordpress\"],\"url\":\"https:\/\/teatroloselementos.cult.cu\/index.php\/author\/teatro\/\"}]}<\/script>\n<!-- \/ Yoast SEO plugin. -->","yoast_head_json":{"title":"Conferencia magistral de \"COMUNICACI\u00d3N PROMOCIONAL: EL RETO DE LOS NUEVOS ESCENARIOS\" - Teatro de los Elementos","robots":{"index":"index","follow":"follow","max-snippet":"max-snippet:-1","max-image-preview":"max-image-preview:large","max-video-preview":"max-video-preview:-1"},"canonical":"https:\/\/teatroloselementos.cult.cu\/index.php\/2023\/03\/01\/2472\/","og_locale":"es_ES","og_type":"article","og_title":"Conferencia magistral de \"COMUNICACI\u00d3N PROMOCIONAL: EL RETO DE LOS NUEVOS ESCENARIOS\" - Teatro de los Elementos","og_description":"El Proyecto de Desarrollo Local Sendero Tur\u00edstico Jobero Verde Arte y Vida los convoca a : Participar en la conferencia","og_url":"https:\/\/teatroloselementos.cult.cu\/index.php\/2023\/03\/01\/2472\/","og_site_name":"Teatro de los Elementos","article_published_time":"2023-03-01T13:34:47+00:00","article_modified_time":"2023-03-14T17:45:11+00:00","og_image":[{"width":1080,"height":1080,"url":"https:\/\/teatroloselementos.cult.cu\/wp-content\/uploads\/2023\/03\/c1c4ce97-6a1f-48c9-add5-a3c53bc085ca.jpg","type":"image\/jpeg"}],"author":"teatro","twitter_card":"summary_large_image","twitter_misc":{"Escrito por":"teatro","Tiempo de lectura":"1 minuto"},"schema":{"@context":"https:\/\/schema.org","@graph":[{"@type":"Article","@id":"https:\/\/teatroloselementos.cult.cu\/index.php\/2023\/03\/01\/2472\/#article","isPartOf":{"@id":"https:\/\/teatroloselementos.cult.cu\/index.php\/2023\/03\/01\/2472\/"},"author":{"name":"teatro","@id":"https:\/\/teatroloselementos.cult.cu\/#\/schema\/person\/502524211ca8ca2bfafd5fe612a68706"},"headline":"Conferencia magistral de \u00abCOMUNICACI\u00d3N PROMOCIONAL: EL RETO DE LOS NUEVOS ESCENARIOS\u00bb","datePublished":"2023-03-01T13:34:47+00:00","dateModified":"2023-03-14T17:45:11+00:00","mainEntityOfPage":{"@id":"https:\/\/teatroloselementos.cult.cu\/index.php\/2023\/03\/01\/2472\/"},"wordCount":119,"commentCount":0,"publisher":{"@id":"https:\/\/teatroloselementos.cult.cu\/#organization"},"articleSection":["General"],"inLanguage":"es","potentialAction":[{"@type":"CommentAction","name":"Comment","target":["https:\/\/teatroloselementos.cult.cu\/index.php\/2023\/03\/01\/2472\/#respond"]}]},{"@type":"WebPage","@id":"https:\/\/teatroloselementos.cult.cu\/index.php\/2023\/03\/01\/2472\/","url":"https:\/\/teatroloselementos.cult.cu\/index.php\/2023\/03\/01\/2472\/","name":"Conferencia magistral de \"COMUNICACI\u00d3N PROMOCIONAL: EL RETO DE LOS NUEVOS ESCENARIOS\" - Teatro de los Elementos","isPartOf":{"@id":"https:\/\/teatroloselementos.cult.cu\/#website"},"datePublished":"2023-03-01T13:34:47+00:00","dateModified":"2023-03-14T17:45:11+00:00","breadcrumb":{"@id":"https:\/\/teatroloselementos.cult.cu\/index.php\/2023\/03\/01\/2472\/#breadcrumb"},"inLanguage":"es","potentialAction":[{"@type":"ReadAction","target":["https:\/\/teatroloselementos.cult.cu\/index.php\/2023\/03\/01\/2472\/"]}]},{"@type":"BreadcrumbList","@id":"https:\/\/teatroloselementos.cult.cu\/index.php\/2023\/03\/01\/2472\/#breadcrumb","itemListElement":[{"@type":"ListItem","position":1,"name":"Portada","item":"https:\/\/teatroloselementos.cult.cu\/"},{"@type":"ListItem","position":2,"name":"Conferencia magistral de \u00abCOMUNICACI\u00d3N PROMOCIONAL: EL RETO DE LOS NUEVOS ESCENARIOS\u00bb"}]},{"@type":"WebSite","@id":"https:\/\/teatroloselementos.cult.cu\/#website","url":"https:\/\/teatroloselementos.cult.cu\/","name":"Teatro de los Elementos","description":"","publisher":{"@id":"https:\/\/teatroloselementos.cult.cu\/#organization"},"potentialAction":[{"@type":"SearchAction","target":{"@type":"EntryPoint","urlTemplate":"https:\/\/teatroloselementos.cult.cu\/?s={search_term_string}"},"query-input":"required name=search_term_string"}],"inLanguage":"es"},{"@type":"Organization","@id":"https:\/\/teatroloselementos.cult.cu\/#organization","name":"Teatro de los Elementos","url":"https:\/\/teatroloselementos.cult.cu\/","logo":{"@type":"ImageObject","inLanguage":"es","@id":"https:\/\/teatroloselementos.cult.cu\/#\/schema\/logo\/image\/","url":"https:\/\/teatroloselementos.cult.cu\/wp-content\/uploads\/2022\/11\/baner-2.jpg","contentUrl":"https:\/\/teatroloselementos.cult.cu\/wp-content\/uploads\/2022\/11\/baner-2.jpg","width":1100,"height":200,"caption":"Teatro de los  Elementos"},"image":{"@id":"https:\/\/teatroloselementos.cult.cu\/#\/schema\/logo\/image\/"}},{"@type":"Person","@id":"https:\/\/teatroloselementos.cult.cu\/#\/schema\/person\/502524211ca8ca2bfafd5fe612a68706","name":"teatro","image":{"@type":"ImageObject","inLanguage":"es","@id":"https:\/\/teatroloselementos.cult.cu\/#\/schema\/person\/image\/","url":"https:\/\/secure.gravatar.com\/avatar\/422058b2c49ce949143ccea35adba4139ebadbbf06fddce0592c2aeb6a4af774?s=96&d=mm&r=g","contentUrl":"https:\/\/secure.gravatar.com\/avatar\/422058b2c49ce949143ccea35adba4139ebadbbf06fddce0592c2aeb6a4af774?s=96&d=mm&r=g","caption":"teatro"},"sameAs":["http:\/\/localhost\/wordpress"],"url":"https:\/\/teatroloselementos.cult.cu\/index.php\/author\/teatro\/"}]}},"jetpack_featured_media_url":"https:\/\/teatroloselementos.cult.cu\/wp-content\/uploads\/2023\/03\/c1c4ce97-6a1f-48c9-add5-a3c53bc085ca.jpg","_links":{"self":[{"href":"https:\/\/teatroloselementos.cult.cu\/index.php\/wp-json\/wp\/v2\/posts\/2472","targetHints":{"allow":["GET"]}}],"collection":[{"href":"https:\/\/teatroloselementos.cult.cu\/index.php\/wp-json\/wp\/v2\/posts"}],"about":[{"href":"https:\/\/teatroloselementos.cult.cu\/index.php\/wp-json\/wp\/v2\/types\/post"}],"author":[{"embeddable":true,"href":"https:\/\/teatroloselementos.cult.cu\/index.php\/wp-json\/wp\/v2\/users\/1"}],"replies":[{"embeddable":true,"href":"https:\/\/teatroloselementos.cult.cu\/index.php\/wp-json\/wp\/v2\/comments?post=2472"}],"version-history":[{"count":9,"href":"https:\/\/teatroloselementos.cult.cu\/index.php\/wp-json\/wp\/v2\/posts\/2472\/revisions"}],"predecessor-version":[{"id":2485,"href":"https:\/\/teatroloselementos.cult.cu\/index.php\/wp-json\/wp\/v2\/posts\/2472\/revisions\/2485"}],"wp:featuredmedia":[{"embeddable":true,"href":"https:\/\/teatroloselementos.cult.cu\/index.php\/wp-json\/wp\/v2\/media\/2470"}],"wp:attachment":[{"href":"https:\/\/teatroloselementos.cult.cu\/index.php\/wp-json\/wp\/v2\/media?parent=2472"}],"wp:term":[{"taxonomy":"category","embeddable":true,"href":"https:\/\/teatroloselementos.cult.cu\/index.php\/wp-json\/wp\/v2\/categories?post=2472"},{"taxonomy":"post_tag","embeddable":true,"href":"https:\/\/teatroloselementos.cult.cu\/index.php\/wp-json\/wp\/v2\/tags?post=2472"}],"curies":[{"name":"wp","href":"https:\/\/api.w.org\/{rel}","templated":true}]}}