{"id":3731,"date":"2023-02-14T13:16:51","date_gmt":"2023-02-14T13:16:51","guid":{"rendered":"http:\/\/teatroloselementos.cult.cu\/index.php\/2023\/02\/14\/2338-2-2-3\/"},"modified":"2023-02-14T13:16:51","modified_gmt":"2023-02-14T13:16:51","slug":"2338-2-2-3","status":"publish","type":"post","link":"https:\/\/teatroloselementos.cult.cu\/index.php\/2023\/02\/14\/2338-2-2-3\/","title":{"rendered":"Exposici\u00f3n del Alfredo El\u00edas S\u00e1nchez Iglesias en Galer\u00eda Jobero Verde #3"},"content":{"rendered":"\n<section id=\"section-2b18e446-63ee-4c7e-85e9-f4f716416ded\" class=\"wp-block-gutentor-author-profile gutentor-section  gutentor-author author-profile-template1 has-color-bg has-custom-bg\"><div class=\"grid-container\"><div class=\"gutentor-grid-item-wrap\"><div class=\"gutentor-single-item\"><div class=\"gutentor-single-item-content\"><div class=\"gutentor-single-item-image-box\"><div class=\"gutentor-image-thumb\"><img loading=\"lazy\" decoding=\"async\" class=\"normal-image\" src=\"http:\/\/teatroloselementos.cult.cu\/wp-content\/uploads\/2023\/02\/descarga.jpg\" alt=\"\" height=\"224\" width=\"224\"\/><\/div><\/div><div class=\"gutentor-author-content\"><div class=\"gutentor-author-detail\"><h3 class=\"gutentor-single-item-title\">Alfredo El\u00edas S\u00e1nchez Iglesia<br><\/h3><\/div><div class=\"gutentor-single-item-desc\"><p class=\"gutentor-single-item-desc\"><strong><em>Exposici\u00f3n personal del artista cienfueguero  en la Galer\u00eda Rural El Jobero, Cumanayagua,Cuba.<\/em><\/strong><br>Escen\u00f3grafo- dise\u00f1ador,  Artista visual.<br>Entre 1989 y 1996, Alfredo estudi\u00f3 Dise\u00f1o en la prestigiosa Academia de Arte de San Petersburgo. Ha participado en numerosas exposiciones previas, entre estas\u00a0<strong>De la pintura y el teatro<\/strong>\u00a0(2020), la cual contempl\u00f3 dise\u00f1os del per\u00edodo pensionista ruso, para obras de autores como Alexander Pushkin (<strong>Estudio para un banquete en tiempos de c\u00f3lera<\/strong>), Albert Camus (<strong>El malentendido<\/strong>) y Ernest Hemingway (<strong>El viejo y el mar<\/strong>).<br>En torno a su expo\u00a0<strong>Infusi\u00f3n<\/strong>, la cr\u00edtica especializada advierte que para conseguir alguna atemporalidad y vigorizar las significaciones iconol\u00f3gicas, el artista utiliza la yuxtaposici\u00f3n de planos, los collages y trasfondos texturados como andamios de la alegor\u00eda. Los sujetos son efigies documentales, recortadas de alguna fotograf\u00eda, que transitan por espacios indefinidos o simb\u00f3licos (<strong>Mujeres, La forma de mi coraz\u00f3n, El fog\u00f3n,\u00a0<\/strong>etc.), levitando por un vivero de conceptos que hablan de quienes somos. Y mediante economizado uso de las cromas y una gestualidad bien controlada, articula sugerentemente los sentidos de cada significante, emplazando con sensibilidad una idea del futuro que podr\u00eda ser.<br>(Biograf\u00eda tomada de http:\/\/www.uneac.org.cu\/secciones\/nueva-expo-personal-en-la-uneac-de-cienfuegos\/)\u00a0\u00a0<br><br><br><strong>T\u00e9cnica mixta sobre lienzo<\/strong><\/p><\/div><\/div><\/div><\/div><\/div><\/div><\/section>\n\n\n\n<figure class=\"wp-block-gallery has-nested-images columns-1 is-cropped wp-block-gallery-1 is-layout-flex wp-block-gallery-is-layout-flex\">\n<figure class=\"wp-block-image size-large\"><img loading=\"lazy\" decoding=\"async\" width=\"1024\" height=\"644\" data-id=\"3294\" src=\"http:\/\/teatroloselementos.cult.cu\/wp-content\/uploads\/2023\/04\/20230421_111904-min-1024x644.jpg\" alt=\"\" class=\"wp-image-3294\" srcset=\"https:\/\/teatroloselementos.cult.cu\/wp-content\/uploads\/2023\/04\/20230421_111904-min-1024x644.jpg 1024w, https:\/\/teatroloselementos.cult.cu\/wp-content\/uploads\/2023\/04\/20230421_111904-min-300x189.jpg 300w, https:\/\/teatroloselementos.cult.cu\/wp-content\/uploads\/2023\/04\/20230421_111904-min-768x483.jpg 768w, https:\/\/teatroloselementos.cult.cu\/wp-content\/uploads\/2023\/04\/20230421_111904-min-1536x967.jpg 1536w, https:\/\/teatroloselementos.cult.cu\/wp-content\/uploads\/2023\/04\/20230421_111904-min-2048x1289.jpg 2048w\" sizes=\"auto, (max-width: 1024px) 100vw, 1024px\" \/><\/figure>\n\n\n\n<figure class=\"wp-block-image size-large\"><img loading=\"lazy\" decoding=\"async\" width=\"1024\" height=\"656\" data-id=\"3295\" src=\"http:\/\/teatroloselementos.cult.cu\/wp-content\/uploads\/2023\/04\/20230421_112016-min-1024x656.jpg\" alt=\"\" class=\"wp-image-3295\" srcset=\"https:\/\/teatroloselementos.cult.cu\/wp-content\/uploads\/2023\/04\/20230421_112016-min-1024x656.jpg 1024w, https:\/\/teatroloselementos.cult.cu\/wp-content\/uploads\/2023\/04\/20230421_112016-min-300x192.jpg 300w, https:\/\/teatroloselementos.cult.cu\/wp-content\/uploads\/2023\/04\/20230421_112016-min-768x492.jpg 768w, https:\/\/teatroloselementos.cult.cu\/wp-content\/uploads\/2023\/04\/20230421_112016-min-1536x984.jpg 1536w, https:\/\/teatroloselementos.cult.cu\/wp-content\/uploads\/2023\/04\/20230421_112016-min-2048x1312.jpg 2048w\" sizes=\"auto, (max-width: 1024px) 100vw, 1024px\" \/><\/figure>\n\n\n\n<figure class=\"wp-block-image size-large\"><img loading=\"lazy\" decoding=\"async\" width=\"774\" height=\"1024\" data-id=\"3296\" src=\"http:\/\/teatroloselementos.cult.cu\/wp-content\/uploads\/2023\/04\/20230421_111716-min-774x1024.jpg\" alt=\"\" class=\"wp-image-3296\" srcset=\"https:\/\/teatroloselementos.cult.cu\/wp-content\/uploads\/2023\/04\/20230421_111716-min-774x1024.jpg 774w, https:\/\/teatroloselementos.cult.cu\/wp-content\/uploads\/2023\/04\/20230421_111716-min-227x300.jpg 227w, https:\/\/teatroloselementos.cult.cu\/wp-content\/uploads\/2023\/04\/20230421_111716-min-768x1016.jpg 768w, https:\/\/teatroloselementos.cult.cu\/wp-content\/uploads\/2023\/04\/20230421_111716-min-1161x1536.jpg 1161w, https:\/\/teatroloselementos.cult.cu\/wp-content\/uploads\/2023\/04\/20230421_111716-min-1548x2048.jpg 1548w, https:\/\/teatroloselementos.cult.cu\/wp-content\/uploads\/2023\/04\/20230421_111716-min.jpg 1812w\" sizes=\"auto, (max-width: 774px) 100vw, 774px\" \/><\/figure>\n\n\n\n<figure class=\"wp-block-image size-large\"><img loading=\"lazy\" decoding=\"async\" width=\"735\" height=\"1024\" data-id=\"3297\" src=\"http:\/\/teatroloselementos.cult.cu\/wp-content\/uploads\/2023\/04\/20230421_111558-min-735x1024.jpg\" alt=\"\" class=\"wp-image-3297\" srcset=\"https:\/\/teatroloselementos.cult.cu\/wp-content\/uploads\/2023\/04\/20230421_111558-min-735x1024.jpg 735w, https:\/\/teatroloselementos.cult.cu\/wp-content\/uploads\/2023\/04\/20230421_111558-min-215x300.jpg 215w, https:\/\/teatroloselementos.cult.cu\/wp-content\/uploads\/2023\/04\/20230421_111558-min-768x1071.jpg 768w, https:\/\/teatroloselementos.cult.cu\/wp-content\/uploads\/2023\/04\/20230421_111558-min-1102x1536.jpg 1102w, https:\/\/teatroloselementos.cult.cu\/wp-content\/uploads\/2023\/04\/20230421_111558-min-1469x2048.jpg 1469w, https:\/\/teatroloselementos.cult.cu\/wp-content\/uploads\/2023\/04\/20230421_111558-min.jpg 1690w\" sizes=\"auto, (max-width: 735px) 100vw, 735px\" \/><\/figure>\n\n\n\n<figure class=\"wp-block-image size-large\"><img loading=\"lazy\" decoding=\"async\" width=\"768\" height=\"1024\" data-id=\"3298\" src=\"http:\/\/teatroloselementos.cult.cu\/wp-content\/uploads\/2023\/04\/20230421_111505-min-768x1024.jpg\" alt=\"\" class=\"wp-image-3298\" srcset=\"https:\/\/teatroloselementos.cult.cu\/wp-content\/uploads\/2023\/04\/20230421_111505-min-768x1024.jpg 768w, https:\/\/teatroloselementos.cult.cu\/wp-content\/uploads\/2023\/04\/20230421_111505-min-225x300.jpg 225w, https:\/\/teatroloselementos.cult.cu\/wp-content\/uploads\/2023\/04\/20230421_111505-min-1152x1536.jpg 1152w, https:\/\/teatroloselementos.cult.cu\/wp-content\/uploads\/2023\/04\/20230421_111505-min-1536x2048.jpg 1536w, https:\/\/teatroloselementos.cult.cu\/wp-content\/uploads\/2023\/04\/20230421_111505-min.jpg 1730w\" sizes=\"auto, (max-width: 768px) 100vw, 768px\" \/><\/figure>\n\n\n\n<figure class=\"wp-block-image size-large\"><img loading=\"lazy\" decoding=\"async\" width=\"749\" height=\"1024\" data-id=\"3299\" src=\"http:\/\/teatroloselementos.cult.cu\/wp-content\/uploads\/2023\/04\/20230421_111049-min-749x1024.jpg\" alt=\"\" class=\"wp-image-3299\" srcset=\"https:\/\/teatroloselementos.cult.cu\/wp-content\/uploads\/2023\/04\/20230421_111049-min-749x1024.jpg 749w, https:\/\/teatroloselementos.cult.cu\/wp-content\/uploads\/2023\/04\/20230421_111049-min-220x300.jpg 220w, https:\/\/teatroloselementos.cult.cu\/wp-content\/uploads\/2023\/04\/20230421_111049-min-768x1049.jpg 768w, https:\/\/teatroloselementos.cult.cu\/wp-content\/uploads\/2023\/04\/20230421_111049-min-1124x1536.jpg 1124w, https:\/\/teatroloselementos.cult.cu\/wp-content\/uploads\/2023\/04\/20230421_111049-min-1499x2048.jpg 1499w, https:\/\/teatroloselementos.cult.cu\/wp-content\/uploads\/2023\/04\/20230421_111049-min.jpg 1757w\" sizes=\"auto, (max-width: 749px) 100vw, 749px\" \/><\/figure>\n\n\n\n<figure class=\"wp-block-image size-large\"><img loading=\"lazy\" decoding=\"async\" width=\"605\" height=\"1024\" data-id=\"3300\" src=\"http:\/\/teatroloselementos.cult.cu\/wp-content\/uploads\/2023\/04\/20230421_111001-min-605x1024.jpg\" alt=\"\" class=\"wp-image-3300\" srcset=\"https:\/\/teatroloselementos.cult.cu\/wp-content\/uploads\/2023\/04\/20230421_111001-min-605x1024.jpg 605w, https:\/\/teatroloselementos.cult.cu\/wp-content\/uploads\/2023\/04\/20230421_111001-min-177x300.jpg 177w, https:\/\/teatroloselementos.cult.cu\/wp-content\/uploads\/2023\/04\/20230421_111001-min-768x1301.jpg 768w, https:\/\/teatroloselementos.cult.cu\/wp-content\/uploads\/2023\/04\/20230421_111001-min-907x1536.jpg 907w, https:\/\/teatroloselementos.cult.cu\/wp-content\/uploads\/2023\/04\/20230421_111001-min-1209x2048.jpg 1209w, https:\/\/teatroloselementos.cult.cu\/wp-content\/uploads\/2023\/04\/20230421_111001-min-scaled.jpg 1511w\" sizes=\"auto, (max-width: 605px) 100vw, 605px\" \/><\/figure>\n\n\n\n<figure class=\"wp-block-image size-large\"><img loading=\"lazy\" decoding=\"async\" width=\"653\" height=\"1024\" data-id=\"3301\" src=\"http:\/\/teatroloselementos.cult.cu\/wp-content\/uploads\/2023\/04\/20230421_110914-min-653x1024.jpg\" alt=\"\" class=\"wp-image-3301\" srcset=\"https:\/\/teatroloselementos.cult.cu\/wp-content\/uploads\/2023\/04\/20230421_110914-min-653x1024.jpg 653w, https:\/\/teatroloselementos.cult.cu\/wp-content\/uploads\/2023\/04\/20230421_110914-min-191x300.jpg 191w, https:\/\/teatroloselementos.cult.cu\/wp-content\/uploads\/2023\/04\/20230421_110914-min-768x1203.jpg 768w, https:\/\/teatroloselementos.cult.cu\/wp-content\/uploads\/2023\/04\/20230421_110914-min-980x1536.jpg 980w, https:\/\/teatroloselementos.cult.cu\/wp-content\/uploads\/2023\/04\/20230421_110914-min-1307x2048.jpg 1307w, https:\/\/teatroloselementos.cult.cu\/wp-content\/uploads\/2023\/04\/20230421_110914-min-scaled.jpg 1634w\" sizes=\"auto, (max-width: 653px) 100vw, 653px\" \/><\/figure>\n<\/figure>\n\n\n\n<hr class=\"wp-block-separator has-alpha-channel-opacity is-style-wide\"\/>\n\n\n\n<hr class=\"wp-block-separator has-alpha-channel-opacity is-style-wide\"\/>\n\n\n<section class=\"gutentor-post-module section-c1a9b059-b187-40e7-9f78-f6db0cd37f54 gutentor-post-module-p1 gutentor_p1_template1 wp-block-gutentor-p1  gutentor-cat-pos-img-top-left gutentor-blog-grid\" id=\"c1a9b059-b187-40e7-9f78-f6db0cd37f54\" data-gbid=\"c1a9b059-b187-40e7-9f78-f6db0cd37f54\" >\n<div class='grid-container'><div class='grid-row' ><article class='gutentor-post  grid-lg-4 grid-md-4 grid-12'><div class='gutentor-post-item'><div class='gutentor-post-image-box'><div class=\"gutentor-image-thumb\"><img loading=\"lazy\" decoding=\"async\" width=\"800\" height=\"1137\" src=\"https:\/\/teatroloselementos.cult.cu\/wp-content\/uploads\/2023\/02\/@keidy_art2-min.jpg\" class=\"attachment-full size-full wp-post-image\" alt=\"\" srcset=\"https:\/\/teatroloselementos.cult.cu\/wp-content\/uploads\/2023\/02\/@keidy_art2-min.jpg 800w, https:\/\/teatroloselementos.cult.cu\/wp-content\/uploads\/2023\/02\/@keidy_art2-min-211x300.jpg 211w, https:\/\/teatroloselementos.cult.cu\/wp-content\/uploads\/2023\/02\/@keidy_art2-min-720x1024.jpg 720w, https:\/\/teatroloselementos.cult.cu\/wp-content\/uploads\/2023\/02\/@keidy_art2-min-768x1092.jpg 768w\" sizes=\"auto, (max-width: 800px) 100vw, 800px\" \/><\/div><div class=\"gutentor-categories\"><a href=\"https:\/\/teatroloselementos.cult.cu\/index.php\/category\/galeria-rural\/ \" class=\"post-category gutentor-cat-galeria-rural\" rel=\"category tag\">Galer\u00eda Rural<\/a> <a href=\"https:\/\/teatroloselementos.cult.cu\/index.php\/category\/news\/ \" class=\"post-category gutentor-cat-news\" rel=\"category tag\">News<\/a> <\/div><\/div><h3 class=\"gutentor-post-title\"><a href=\"https:\/\/teatroloselementos.cult.cu\/index.php\/2023\/02\/14\/mini-galeria-gina-pellon-jobero\/\" rel=\"bookmark\">Mini Galer\u00eda \u00a8Gina Pell\u00f3n\u00a8<\/a><\/h3><div class=\"gutentor-post-desc\">Gina Pell\u00f3n pintora cubana\n\n\n\n\n\nFue una artista cubana, conocida por sus pinturas y obras gr\u00e1ficas a&hellip;<\/div><\/div><\/article><article class='gutentor-post  grid-lg-4 grid-md-4 grid-12'><div class='gutentor-post-item'><div class='gutentor-post-image-box'><div class=\"gutentor-image-thumb\"><img loading=\"lazy\" decoding=\"async\" width=\"800\" height=\"1111\" src=\"https:\/\/teatroloselementos.cult.cu\/wp-content\/uploads\/2023\/02\/12-min.jpg\" class=\"attachment-full size-full wp-post-image\" alt=\"\" srcset=\"https:\/\/teatroloselementos.cult.cu\/wp-content\/uploads\/2023\/02\/12-min.jpg 800w, https:\/\/teatroloselementos.cult.cu\/wp-content\/uploads\/2023\/02\/12-min-216x300.jpg 216w, https:\/\/teatroloselementos.cult.cu\/wp-content\/uploads\/2023\/02\/12-min-737x1024.jpg 737w, https:\/\/teatroloselementos.cult.cu\/wp-content\/uploads\/2023\/02\/12-min-768x1067.jpg 768w\" sizes=\"auto, (max-width: 800px) 100vw, 800px\" \/><\/div><div class=\"gutentor-categories\"><a href=\"https:\/\/teatroloselementos.cult.cu\/index.php\/category\/galeria-rural\/ \" class=\"post-category gutentor-cat-galeria-rural\" rel=\"category tag\">Galer\u00eda Rural<\/a> <\/div><\/div><h3 class=\"gutentor-post-title\"><a href=\"https:\/\/teatroloselementos.cult.cu\/index.php\/2023\/02\/14\/2338\/\" rel=\"bookmark\">Exposici\u00f3n Mixta<\/a><\/h3><div class=\"gutentor-post-desc\">Nelson Dom\u00ednguez\u00a0Cede\u00f1o\n\nArtista de la pl\u00e1stica que se desarrolla en la pintura, grabado, cer\u00e1mica y&hellip;<\/div><\/div><\/article><article class='gutentor-post  grid-lg-4 grid-md-4 grid-12'><div class='gutentor-post-item'><div class='gutentor-post-image-box'><div class=\"gutentor-image-thumb\"><img loading=\"lazy\" decoding=\"async\" width=\"788\" height=\"486\" src=\"https:\/\/teatroloselementos.cult.cu\/wp-content\/uploads\/2023\/02\/Destacada.jpg\" class=\"attachment-full size-full wp-post-image\" alt=\"\" srcset=\"https:\/\/teatroloselementos.cult.cu\/wp-content\/uploads\/2023\/02\/Destacada.jpg 788w, https:\/\/teatroloselementos.cult.cu\/wp-content\/uploads\/2023\/02\/Destacada-300x185.jpg 300w, https:\/\/teatroloselementos.cult.cu\/wp-content\/uploads\/2023\/02\/Destacada-768x474.jpg 768w\" sizes=\"auto, (max-width: 788px) 100vw, 788px\" \/><\/div><div class=\"gutentor-categories\"><a href=\"https:\/\/teatroloselementos.cult.cu\/index.php\/category\/galeria-rural\/ \" class=\"post-category gutentor-cat-galeria-rural\" rel=\"category tag\">Galer\u00eda Rural<\/a> <a href=\"https:\/\/teatroloselementos.cult.cu\/index.php\/category\/news\/ \" class=\"post-category gutentor-cat-news\" rel=\"category tag\">News<\/a> <\/div><\/div><h3 class=\"gutentor-post-title\"><a href=\"https:\/\/teatroloselementos.cult.cu\/index.php\/2023\/02\/14\/2338-2\/\" rel=\"bookmark\">Exposici\u00f3n del Pintor Antonino Santiago Garc\u00eda en Galer\u00eda Jovero Verde<\/a><\/h3><div class=\"gutentor-post-desc\">Antonio Santiago Garc\u00edaExposici\u00f3n personal del artista cienfueguero Antonio Santiago Garc\u00eda, en la G&hellip;<\/div><\/div><\/article><\/div><\/div><\/section>","protected":false},"excerpt":{"rendered":"","protected":false},"author":1,"featured_media":3294,"comment_status":"closed","ping_status":"open","sticky":false,"template":"","format":"standard","meta":{"footnotes":""},"categories":[31,18],"tags":[57],"class_list":["post-3731","post","type-post","status-publish","format-standard","has-post-thumbnail","hentry","category-galeria-rural","category-news","tag-expo"],"gutentor_comment":0,"yoast_head":"<!-- This site is optimized with the Yoast SEO plugin v20.9 - https:\/\/yoast.com\/wordpress\/plugins\/seo\/ -->\n<title>Exposici\u00f3n del Alfredo El\u00edas S\u00e1nchez Iglesias en Galer\u00eda Jobero Verde #3 - Teatro de los Elementos<\/title>\n<meta name=\"robots\" content=\"index, follow, max-snippet:-1, max-image-preview:large, max-video-preview:-1\" \/>\n<link rel=\"canonical\" href=\"https:\/\/teatroloselementos.cult.cu\/index.php\/2023\/02\/14\/2338-2-2-3\/\" \/>\n<meta property=\"og:locale\" content=\"es_ES\" \/>\n<meta property=\"og:type\" content=\"article\" \/>\n<meta property=\"og:title\" content=\"Exposici\u00f3n del Alfredo El\u00edas S\u00e1nchez Iglesias en Galer\u00eda Jobero Verde #3 - Teatro de los Elementos\" \/>\n<meta property=\"og:url\" content=\"https:\/\/teatroloselementos.cult.cu\/index.php\/2023\/02\/14\/2338-2-2-3\/\" \/>\n<meta property=\"og:site_name\" content=\"Teatro de los Elementos\" \/>\n<meta property=\"article:published_time\" content=\"2023-02-14T13:16:51+00:00\" \/>\n<meta property=\"og:image\" content=\"https:\/\/teatroloselementos.cult.cu\/wp-content\/uploads\/2023\/04\/20230421_111904-min.jpg\" \/>\n\t<meta property=\"og:image:width\" content=\"2317\" \/>\n\t<meta property=\"og:image:height\" content=\"1458\" \/>\n\t<meta property=\"og:image:type\" content=\"image\/jpeg\" \/>\n<meta name=\"author\" content=\"teatro\" \/>\n<meta name=\"twitter:card\" content=\"summary_large_image\" \/>\n<meta name=\"twitter:label1\" content=\"Escrito por\" \/>\n\t<meta name=\"twitter:data1\" content=\"teatro\" \/>\n\t<meta name=\"twitter:label2\" content=\"Tiempo de lectura\" \/>\n\t<meta name=\"twitter:data2\" content=\"1 minuto\" \/>\n<script type=\"application\/ld+json\" class=\"yoast-schema-graph\">{\"@context\":\"https:\/\/schema.org\",\"@graph\":[{\"@type\":\"Article\",\"@id\":\"https:\/\/teatroloselementos.cult.cu\/index.php\/2023\/02\/14\/2338-2-2-3\/#article\",\"isPartOf\":{\"@id\":\"https:\/\/teatroloselementos.cult.cu\/index.php\/2023\/02\/14\/2338-2-2-3\/\"},\"author\":{\"name\":\"teatro\",\"@id\":\"https:\/\/teatroloselementos.cult.cu\/#\/schema\/person\/502524211ca8ca2bfafd5fe612a68706\"},\"headline\":\"Exposici\u00f3n del Alfredo El\u00edas S\u00e1nchez Iglesias en Galer\u00eda Jobero Verde #3\",\"datePublished\":\"2023-02-14T13:16:51+00:00\",\"dateModified\":\"2023-02-14T13:16:51+00:00\",\"mainEntityOfPage\":{\"@id\":\"https:\/\/teatroloselementos.cult.cu\/index.php\/2023\/02\/14\/2338-2-2-3\/\"},\"wordCount\":236,\"publisher\":{\"@id\":\"https:\/\/teatroloselementos.cult.cu\/#organization\"},\"keywords\":[\"#Expo\"],\"articleSection\":[\"Galer\u00eda Rural\",\"News\"],\"inLanguage\":\"es\"},{\"@type\":\"WebPage\",\"@id\":\"https:\/\/teatroloselementos.cult.cu\/index.php\/2023\/02\/14\/2338-2-2-3\/\",\"url\":\"https:\/\/teatroloselementos.cult.cu\/index.php\/2023\/02\/14\/2338-2-2-3\/\",\"name\":\"Exposici\u00f3n del Alfredo El\u00edas S\u00e1nchez Iglesias en Galer\u00eda Jobero Verde #3 - Teatro de los Elementos\",\"isPartOf\":{\"@id\":\"https:\/\/teatroloselementos.cult.cu\/#website\"},\"datePublished\":\"2023-02-14T13:16:51+00:00\",\"dateModified\":\"2023-02-14T13:16:51+00:00\",\"breadcrumb\":{\"@id\":\"https:\/\/teatroloselementos.cult.cu\/index.php\/2023\/02\/14\/2338-2-2-3\/#breadcrumb\"},\"inLanguage\":\"es\",\"potentialAction\":[{\"@type\":\"ReadAction\",\"target\":[\"https:\/\/teatroloselementos.cult.cu\/index.php\/2023\/02\/14\/2338-2-2-3\/\"]}]},{\"@type\":\"BreadcrumbList\",\"@id\":\"https:\/\/teatroloselementos.cult.cu\/index.php\/2023\/02\/14\/2338-2-2-3\/#breadcrumb\",\"itemListElement\":[{\"@type\":\"ListItem\",\"position\":1,\"name\":\"Portada\",\"item\":\"https:\/\/teatroloselementos.cult.cu\/\"},{\"@type\":\"ListItem\",\"position\":2,\"name\":\"Exposici\u00f3n del Alfredo El\u00edas S\u00e1nchez Iglesias en Galer\u00eda Jobero Verde #3\"}]},{\"@type\":\"WebSite\",\"@id\":\"https:\/\/teatroloselementos.cult.cu\/#website\",\"url\":\"https:\/\/teatroloselementos.cult.cu\/\",\"name\":\"Teatro de los Elementos\",\"description\":\"\",\"publisher\":{\"@id\":\"https:\/\/teatroloselementos.cult.cu\/#organization\"},\"potentialAction\":[{\"@type\":\"SearchAction\",\"target\":{\"@type\":\"EntryPoint\",\"urlTemplate\":\"https:\/\/teatroloselementos.cult.cu\/?s={search_term_string}\"},\"query-input\":\"required name=search_term_string\"}],\"inLanguage\":\"es\"},{\"@type\":\"Organization\",\"@id\":\"https:\/\/teatroloselementos.cult.cu\/#organization\",\"name\":\"Teatro de los Elementos\",\"url\":\"https:\/\/teatroloselementos.cult.cu\/\",\"logo\":{\"@type\":\"ImageObject\",\"inLanguage\":\"es\",\"@id\":\"https:\/\/teatroloselementos.cult.cu\/#\/schema\/logo\/image\/\",\"url\":\"https:\/\/teatroloselementos.cult.cu\/wp-content\/uploads\/2022\/11\/baner-2.jpg\",\"contentUrl\":\"https:\/\/teatroloselementos.cult.cu\/wp-content\/uploads\/2022\/11\/baner-2.jpg\",\"width\":1100,\"height\":200,\"caption\":\"Teatro de los  Elementos\"},\"image\":{\"@id\":\"https:\/\/teatroloselementos.cult.cu\/#\/schema\/logo\/image\/\"}},{\"@type\":\"Person\",\"@id\":\"https:\/\/teatroloselementos.cult.cu\/#\/schema\/person\/502524211ca8ca2bfafd5fe612a68706\",\"name\":\"teatro\",\"image\":{\"@type\":\"ImageObject\",\"inLanguage\":\"es\",\"@id\":\"https:\/\/teatroloselementos.cult.cu\/#\/schema\/person\/image\/\",\"url\":\"https:\/\/secure.gravatar.com\/avatar\/422058b2c49ce949143ccea35adba4139ebadbbf06fddce0592c2aeb6a4af774?s=96&d=mm&r=g\",\"contentUrl\":\"https:\/\/secure.gravatar.com\/avatar\/422058b2c49ce949143ccea35adba4139ebadbbf06fddce0592c2aeb6a4af774?s=96&d=mm&r=g\",\"caption\":\"teatro\"},\"sameAs\":[\"http:\/\/localhost\/wordpress\"],\"url\":\"https:\/\/teatroloselementos.cult.cu\/index.php\/author\/teatro\/\"}]}<\/script>\n<!-- \/ Yoast SEO plugin. -->","yoast_head_json":{"title":"Exposici\u00f3n del Alfredo El\u00edas S\u00e1nchez Iglesias en Galer\u00eda Jobero Verde #3 - Teatro de los Elementos","robots":{"index":"index","follow":"follow","max-snippet":"max-snippet:-1","max-image-preview":"max-image-preview:large","max-video-preview":"max-video-preview:-1"},"canonical":"https:\/\/teatroloselementos.cult.cu\/index.php\/2023\/02\/14\/2338-2-2-3\/","og_locale":"es_ES","og_type":"article","og_title":"Exposici\u00f3n del Alfredo El\u00edas S\u00e1nchez Iglesias en Galer\u00eda Jobero Verde #3 - Teatro de los Elementos","og_url":"https:\/\/teatroloselementos.cult.cu\/index.php\/2023\/02\/14\/2338-2-2-3\/","og_site_name":"Teatro de los Elementos","article_published_time":"2023-02-14T13:16:51+00:00","og_image":[{"width":2317,"height":1458,"url":"https:\/\/teatroloselementos.cult.cu\/wp-content\/uploads\/2023\/04\/20230421_111904-min.jpg","type":"image\/jpeg"}],"author":"teatro","twitter_card":"summary_large_image","twitter_misc":{"Escrito por":"teatro","Tiempo de lectura":"1 minuto"},"schema":{"@context":"https:\/\/schema.org","@graph":[{"@type":"Article","@id":"https:\/\/teatroloselementos.cult.cu\/index.php\/2023\/02\/14\/2338-2-2-3\/#article","isPartOf":{"@id":"https:\/\/teatroloselementos.cult.cu\/index.php\/2023\/02\/14\/2338-2-2-3\/"},"author":{"name":"teatro","@id":"https:\/\/teatroloselementos.cult.cu\/#\/schema\/person\/502524211ca8ca2bfafd5fe612a68706"},"headline":"Exposici\u00f3n del Alfredo El\u00edas S\u00e1nchez Iglesias en Galer\u00eda Jobero Verde #3","datePublished":"2023-02-14T13:16:51+00:00","dateModified":"2023-02-14T13:16:51+00:00","mainEntityOfPage":{"@id":"https:\/\/teatroloselementos.cult.cu\/index.php\/2023\/02\/14\/2338-2-2-3\/"},"wordCount":236,"publisher":{"@id":"https:\/\/teatroloselementos.cult.cu\/#organization"},"keywords":["#Expo"],"articleSection":["Galer\u00eda Rural","News"],"inLanguage":"es"},{"@type":"WebPage","@id":"https:\/\/teatroloselementos.cult.cu\/index.php\/2023\/02\/14\/2338-2-2-3\/","url":"https:\/\/teatroloselementos.cult.cu\/index.php\/2023\/02\/14\/2338-2-2-3\/","name":"Exposici\u00f3n del Alfredo El\u00edas S\u00e1nchez Iglesias en Galer\u00eda Jobero Verde #3 - Teatro de los Elementos","isPartOf":{"@id":"https:\/\/teatroloselementos.cult.cu\/#website"},"datePublished":"2023-02-14T13:16:51+00:00","dateModified":"2023-02-14T13:16:51+00:00","breadcrumb":{"@id":"https:\/\/teatroloselementos.cult.cu\/index.php\/2023\/02\/14\/2338-2-2-3\/#breadcrumb"},"inLanguage":"es","potentialAction":[{"@type":"ReadAction","target":["https:\/\/teatroloselementos.cult.cu\/index.php\/2023\/02\/14\/2338-2-2-3\/"]}]},{"@type":"BreadcrumbList","@id":"https:\/\/teatroloselementos.cult.cu\/index.php\/2023\/02\/14\/2338-2-2-3\/#breadcrumb","itemListElement":[{"@type":"ListItem","position":1,"name":"Portada","item":"https:\/\/teatroloselementos.cult.cu\/"},{"@type":"ListItem","position":2,"name":"Exposici\u00f3n del Alfredo El\u00edas S\u00e1nchez Iglesias en Galer\u00eda Jobero Verde #3"}]},{"@type":"WebSite","@id":"https:\/\/teatroloselementos.cult.cu\/#website","url":"https:\/\/teatroloselementos.cult.cu\/","name":"Teatro de los Elementos","description":"","publisher":{"@id":"https:\/\/teatroloselementos.cult.cu\/#organization"},"potentialAction":[{"@type":"SearchAction","target":{"@type":"EntryPoint","urlTemplate":"https:\/\/teatroloselementos.cult.cu\/?s={search_term_string}"},"query-input":"required name=search_term_string"}],"inLanguage":"es"},{"@type":"Organization","@id":"https:\/\/teatroloselementos.cult.cu\/#organization","name":"Teatro de los Elementos","url":"https:\/\/teatroloselementos.cult.cu\/","logo":{"@type":"ImageObject","inLanguage":"es","@id":"https:\/\/teatroloselementos.cult.cu\/#\/schema\/logo\/image\/","url":"https:\/\/teatroloselementos.cult.cu\/wp-content\/uploads\/2022\/11\/baner-2.jpg","contentUrl":"https:\/\/teatroloselementos.cult.cu\/wp-content\/uploads\/2022\/11\/baner-2.jpg","width":1100,"height":200,"caption":"Teatro de los  Elementos"},"image":{"@id":"https:\/\/teatroloselementos.cult.cu\/#\/schema\/logo\/image\/"}},{"@type":"Person","@id":"https:\/\/teatroloselementos.cult.cu\/#\/schema\/person\/502524211ca8ca2bfafd5fe612a68706","name":"teatro","image":{"@type":"ImageObject","inLanguage":"es","@id":"https:\/\/teatroloselementos.cult.cu\/#\/schema\/person\/image\/","url":"https:\/\/secure.gravatar.com\/avatar\/422058b2c49ce949143ccea35adba4139ebadbbf06fddce0592c2aeb6a4af774?s=96&d=mm&r=g","contentUrl":"https:\/\/secure.gravatar.com\/avatar\/422058b2c49ce949143ccea35adba4139ebadbbf06fddce0592c2aeb6a4af774?s=96&d=mm&r=g","caption":"teatro"},"sameAs":["http:\/\/localhost\/wordpress"],"url":"https:\/\/teatroloselementos.cult.cu\/index.php\/author\/teatro\/"}]}},"jetpack_featured_media_url":"https:\/\/teatroloselementos.cult.cu\/wp-content\/uploads\/2023\/04\/20230421_111904-min.jpg","_links":{"self":[{"href":"https:\/\/teatroloselementos.cult.cu\/index.php\/wp-json\/wp\/v2\/posts\/3731","targetHints":{"allow":["GET"]}}],"collection":[{"href":"https:\/\/teatroloselementos.cult.cu\/index.php\/wp-json\/wp\/v2\/posts"}],"about":[{"href":"https:\/\/teatroloselementos.cult.cu\/index.php\/wp-json\/wp\/v2\/types\/post"}],"author":[{"embeddable":true,"href":"https:\/\/teatroloselementos.cult.cu\/index.php\/wp-json\/wp\/v2\/users\/1"}],"replies":[{"embeddable":true,"href":"https:\/\/teatroloselementos.cult.cu\/index.php\/wp-json\/wp\/v2\/comments?post=3731"}],"version-history":[{"count":39,"href":"https:\/\/teatroloselementos.cult.cu\/index.php\/wp-json\/wp\/v2\/posts\/3731\/revisions"}],"predecessor-version":[{"id":3861,"href":"https:\/\/teatroloselementos.cult.cu\/index.php\/wp-json\/wp\/v2\/posts\/3731\/revisions\/3861"}],"wp:featuredmedia":[{"embeddable":true,"href":"https:\/\/teatroloselementos.cult.cu\/index.php\/wp-json\/wp\/v2\/media\/3294"}],"wp:attachment":[{"href":"https:\/\/teatroloselementos.cult.cu\/index.php\/wp-json\/wp\/v2\/media?parent=3731"}],"wp:term":[{"taxonomy":"category","embeddable":true,"href":"https:\/\/teatroloselementos.cult.cu\/index.php\/wp-json\/wp\/v2\/categories?post=3731"},{"taxonomy":"post_tag","embeddable":true,"href":"https:\/\/teatroloselementos.cult.cu\/index.php\/wp-json\/wp\/v2\/tags?post=3731"}],"curies":[{"name":"wp","href":"https:\/\/api.w.org\/{rel}","templated":true}]}}